{"id":2516,"date":"2013-01-30T20:37:07","date_gmt":"2013-01-30T20:37:07","guid":{"rendered":"http:\/\/www.jivatma.si\/?p=2516"},"modified":"2013-02-01T16:52:41","modified_gmt":"2013-02-01T16:52:41","slug":"8-2-2013-kulturno-druzabni-vecer-preseren-morda-violina-in-prav-gotovo-dva-kozarca-vina","status":"publish","type":"post","link":"https:\/\/www.jivatma.si\/en\/8-2-2013-kulturno-druzabni-vecer-preseren-morda-violina-in-prav-gotovo-dva-kozarca-vina\/","title":{"rendered":"8.2.2013 Kulturno dru\u017eabni ve\u010der: PRE\u0160EREN, MORDA VIOLINA IN PRAV GOTOVO DVA KOZARCA VINA"},"content":{"rendered":"<p style=\"text-align: justify;\">\u00a0<\/p>\n<p style=\"text-align: justify;\">Na ve\u010der na\u0161ega kulturnega praznika bomo vzeli v roke Pre\u0161ernove pesmi in kozarec vina.<br \/>\nPreko poslu\u0161anja njegove poezije in skupnega spominjanja njegove \u017eivljenjske zgodbe bomo vstopili v tisto, kar ohranja njegove pesmi \u017eive, v nas budi na\u0161o \u010dustveno naravo in tudi zavest <em>biti Slovenec.<\/em><\/p>\n<p style=\"text-align: justify;\"><strong>Ve\u010der bo oblikovala Pre\u0161ernova verjetno najve\u010dja poznavalka in ob\u010dudovalka, celjska odvetnica Alenka Grad Pe\u010dnik. Z njim se po\u010duti povezana \u017ee od malih nog, pozna ves njegov opus in njegovo \u017eivljenjsko zgodbo. Preko njenega poznavanja in predanosti na\u0161emu <em>pesniku<\/em> bomo vstopili v \u010das 19. stoletja in okoli\u0161\u010dine, ki so tudi vplivale na nastanek na\u0161ega kulturnega bogastva.<\/strong><\/p>\n<p>Na slede\u010di povezavi se lahko za\u00a0uvod potopite v Pre\u0161ernov svet<em><em>:<span style=\"color: #888888;\"> <a href=\"http:\/\/www.preseren.net\/slo\/default.asp\"><span style=\"color: #888888;\">http:\/\/www.preseren.net\/slo\/default.asp<\/span><\/a><\/span><\/em><\/em><\/p>\n<p>&nbsp;<\/p>\n<p><img loading=\"lazy\" decoding=\"async\" class=\"alignleft\" title=\"pre\u0161eren\" src=\"http:\/\/www.jivatma.si\/wp-content\/uploads\/2013\/01\/preseren.jpg\" alt=\"\" width=\"120\" height=\"192\" \/><\/p>\n<p>\u00a0<img loading=\"lazy\" decoding=\"async\" class=\"alignright\" title=\"Alenka Grad Pe\u010dnik\" src=\"http:\/\/www.jivatma.si\/wp-content\/uploads\/2013\/02\/alenkagrad-mala.jpg\" alt=\"\" width=\"209\" height=\"168\" \/><\/p>\n<p style=\"text-align: center;\">\u00a0<\/p>\n<p style=\"text-align: center;\">\u00a0<\/p>\n<p style=\"text-align: center;\">Priporo\u010den prispevek dru\u017eenja, ki se za\u010dne ob <strong>19. uri<\/strong> je\u00a04 \u20ac.<\/p>\n<p style=\"text-align: center;\">\u00a0<\/p>\n<p style=\"text-align: center;\">\u00a0<\/p>\n<p style=\"text-align: center;\">\u00a0<\/p>\n<p style=\"text-align: center;\">\u00a0<\/p>\n<p style=\"text-align: center;\">\u00a0<\/p>\n","protected":false},"excerpt":{"rendered":"<p>\u00a0 Na ve\u010der na\u0161ega kulturnega praznika bomo vzeli v roke Pre\u0161ernove pesmi in kozarec vina. Preko poslu\u0161anja njegove poezije in skupnega spominjanja njegove \u017eivljenjske zgodbe bomo vstopili v tisto, kar ohranja njegove pesmi \u017eive, v nas budi na\u0161o \u010dustveno naravo in tudi zavest biti Slovenec. Ve\u010der bo oblikovala Pre\u0161ernova verjetno najve\u010dja poznavalka in ob\u010dudovalka, celjska&hellip;<\/p>\n","protected":false},"author":6,"featured_media":0,"comment_status":"closed","ping_status":"open","sticky":false,"template":"","format":"standard","meta":{"footnotes":""},"categories":[1],"tags":[],"class_list":["post-2516","post","type-post","status-publish","format-standard","hentry","category-novice"],"_links":{"self":[{"href":"https:\/\/www.jivatma.si\/en\/wp-json\/wp\/v2\/posts\/2516","targetHints":{"allow":["GET"]}}],"collection":[{"href":"https:\/\/www.jivatma.si\/en\/wp-json\/wp\/v2\/posts"}],"about":[{"href":"https:\/\/www.jivatma.si\/en\/wp-json\/wp\/v2\/types\/post"}],"author":[{"embeddable":true,"href":"https:\/\/www.jivatma.si\/en\/wp-json\/wp\/v2\/users\/6"}],"replies":[{"embeddable":true,"href":"https:\/\/www.jivatma.si\/en\/wp-json\/wp\/v2\/comments?post=2516"}],"version-history":[{"count":15,"href":"https:\/\/www.jivatma.si\/en\/wp-json\/wp\/v2\/posts\/2516\/revisions"}],"predecessor-version":[{"id":2525,"href":"https:\/\/www.jivatma.si\/en\/wp-json\/wp\/v2\/posts\/2516\/revisions\/2525"}],"wp:attachment":[{"href":"https:\/\/www.jivatma.si\/en\/wp-json\/wp\/v2\/media?parent=2516"}],"wp:term":[{"taxonomy":"category","embeddable":true,"href":"https:\/\/www.jivatma.si\/en\/wp-json\/wp\/v2\/categories?post=2516"},{"taxonomy":"post_tag","embeddable":true,"href":"https:\/\/www.jivatma.si\/en\/wp-json\/wp\/v2\/tags?post=2516"}],"curies":[{"name":"wp","href":"https:\/\/api.w.org\/{rel}","templated":true}]}}