{"id":5189,"date":"2014-01-09T11:56:07","date_gmt":"2014-01-09T11:56:07","guid":{"rendered":"http:\/\/www.jivatma.si\/?p=5189"},"modified":"2014-01-27T13:11:34","modified_gmt":"2014-01-27T13:11:34","slug":"13-1-2014-predstavitev-knjige-karl-grzan","status":"publish","type":"post","link":"https:\/\/www.jivatma.si\/en\/13-1-2014-predstavitev-knjige-karl-grzan\/","title":{"rendered":"13.1.2014 Predstavitev knjige &#8211; Karel Gr\u017ean"},"content":{"rendered":"<h2 style=\"text-align: center;\">Predstavitev knjige &#8211; Le kaj po\u010dne Bog v nebesih, ko je na zemlji toliko trpe\u010dih<\/h2>\n<p>&nbsp;<\/p>\n<p style=\"text-align: justify;\">Ta knjiga je zgolj poizkus rehabilitacije podobe Boga, ki je bila pred tiso\u010dletjem popa\u010dena za obrambo <a href=\"http:\/\/www.jivatma.si\/wp-content\/uploads\/2014\/01\/karl_grzan.png\"><img loading=\"lazy\" decoding=\"async\" class=\"size-full wp-image-5190 alignright\" title=\"karl_grzan\" alt=\"\" src=\"http:\/\/www.jivatma.si\/wp-content\/uploads\/2014\/01\/karl_grzan.png\" width=\"234\" height=\"241\" srcset=\"https:\/\/www.jivatma.si\/wp-content\/uploads\/2014\/01\/karl_grzan.png 234w, https:\/\/www.jivatma.si\/wp-content\/uploads\/2014\/01\/karl_grzan-145x150.png 145w\" sizes=\"auto, (max-width: 234px) 100vw, 234px\" \/><\/a>posvetnih interesov cerkve. Je v njej Bogu kon\u010dno povrnjeno dobro ime? Bo osvobojen grozovite maske Srdite\u017ea, v katero so ga na\u0161emili zavoljo zastra\u0161evanja in obvladovanja? Avtor inovativno in izzivalno odgovarja na naslovno vpra\u0161anje, ob tem pa odpira paleto za \u017eivljenje pomenljivih razmi\u0161ljanj, ki bodo bralca samodejno pritegnila v zanimivo, celo razburljivo avanturo nadaljnjega miselnega popotovanja. Naj se ob vsem, kar se dogaja navzven, nadaljuje tudi evolucija srca in duha!<\/p>\n<p style=\"text-align: justify;\">Karel Gr\u017ean, rojen v Celju, je magister teologije in doktor znanosti s podro\u010dja literarnih ved. Pri 18 letih je vstopil v red bratov kapucinov, ker je verjel v izro\u010dilo svetega Fran\u010di\u0161ka in \u017eelel svoje \u017eivljenje posvetiti razdajanju revnim in nemo\u010dnim. Kot duhovnik in kaplan v ve\u010d \u017eupnijah na \u0161ir\u0161em \u0160tajerskem je odgovarjal na stiske \u010dasa in ljudi, ki so vstopili v njegovo \u017eivljenje. Ukvarjal se je tudi s problematiko zasvojenosti in na Razborju pod Lisco ustanovil Don Pierinovo komuno za odvisnike in pozneje za odvisnice, prvo in edino tovrstno dekli\u0161ko skupnost v Sloveniji. Kot doktor literarnih znanosti je avtor \u0161tevilnih knjig, kot amaterski arheolog je odkril pomenljive megalitske strukture na \u0161ir\u0161em obmo\u010dju Slovenije, dolga leta je predano raziskoval zgodbo o Veroniki Deseni\u0161ki in Frideriku. Ves \u010das potuje po Sloveniji in predava o med\u010dlove\u0161kih odnosih, odpu\u0161\u010danju in o tem, kako ljubiti \u010dloveka v njegovi resni\u010dnosti.<\/p>\n<p style=\"text-align: justify;\">Karel Gr\u017ean<\/p>\n<p>&nbsp;<\/p>\n<p>Predstavitev bo ob 17.00 uri<br \/>\nPrispevek: 4\u20ac (za \u010dlane 3\u20ac)<\/p>\n","protected":false},"excerpt":{"rendered":"<p>Predstavitev knjige &#8211; Le kaj po\u010dne Bog v nebesih, ko je na zemlji toliko trpe\u010dih &nbsp; Ta knjiga je zgolj poizkus rehabilitacije podobe Boga, ki je bila pred tiso\u010dletjem popa\u010dena za obrambo posvetnih interesov cerkve. Je v njej Bogu kon\u010dno povrnjeno dobro ime? Bo osvobojen grozovite maske Srdite\u017ea, v katero so ga na\u0161emili zavoljo zastra\u0161evanja&hellip;<\/p>\n","protected":false},"author":6,"featured_media":0,"comment_status":"closed","ping_status":"open","sticky":false,"template":"","format":"standard","meta":{"footnotes":""},"categories":[1],"tags":[],"class_list":["post-5189","post","type-post","status-publish","format-standard","hentry","category-novice"],"_links":{"self":[{"href":"https:\/\/www.jivatma.si\/en\/wp-json\/wp\/v2\/posts\/5189","targetHints":{"allow":["GET"]}}],"collection":[{"href":"https:\/\/www.jivatma.si\/en\/wp-json\/wp\/v2\/posts"}],"about":[{"href":"https:\/\/www.jivatma.si\/en\/wp-json\/wp\/v2\/types\/post"}],"author":[{"embeddable":true,"href":"https:\/\/www.jivatma.si\/en\/wp-json\/wp\/v2\/users\/6"}],"replies":[{"embeddable":true,"href":"https:\/\/www.jivatma.si\/en\/wp-json\/wp\/v2\/comments?post=5189"}],"version-history":[{"count":8,"href":"https:\/\/www.jivatma.si\/en\/wp-json\/wp\/v2\/posts\/5189\/revisions"}],"predecessor-version":[{"id":5576,"href":"https:\/\/www.jivatma.si\/en\/wp-json\/wp\/v2\/posts\/5189\/revisions\/5576"}],"wp:attachment":[{"href":"https:\/\/www.jivatma.si\/en\/wp-json\/wp\/v2\/media?parent=5189"}],"wp:term":[{"taxonomy":"category","embeddable":true,"href":"https:\/\/www.jivatma.si\/en\/wp-json\/wp\/v2\/categories?post=5189"},{"taxonomy":"post_tag","embeddable":true,"href":"https:\/\/www.jivatma.si\/en\/wp-json\/wp\/v2\/tags?post=5189"}],"curies":[{"name":"wp","href":"https:\/\/api.w.org\/{rel}","templated":true}]}}